{"id":1137,"date":"2023-10-15T20:02:11","date_gmt":"2023-10-15T18:02:11","guid":{"rendered":"https:\/\/www.dmjarchives.org\/commune\/noyau\/?p=1137"},"modified":"2023-11-09T20:03:54","modified_gmt":"2023-11-09T19:03:54","slug":"dmj-archives-une-initiative-visionnaire-suite-a-la-decision-commune-de-2019","status":"publish","type":"post","link":"https:\/\/www.dmjarchives.org\/commune\/noyau\/dmj-archives-une-initiative-visionnaire-suite-a-la-decision-commune-de-2019\/","title":{"rendered":"DMJ Archives : Une Initiative Visionnaire Suite \u00e0 la D\u00e9cision Commune de 2019"},"content":{"rendered":"<h1>DMJ Archives : Une Initiative Visionnaire Suite \u00e0 la D\u00e9cision Commune de 2019<\/h1>\n<p>En 2019, les communes d&#8217;\u00cele-de-France ont pris une d\u00e9cision audacieuse et visionnaire : d\u00e9velopper une conservation syst\u00e9matique de leurs archives locales. C&#8217;est dans la foul\u00e9e de cette initiative commune que DMJ Archives a vu le jour, port\u00e9 par l&#8217;Association des Maires Franciliens. Ensemble, ces acteurs ont trac\u00e9 une nouvelle voie pour la pr\u00e9servation du patrimoine num\u00e9rique, cr\u00e9ant une ressource inestimable pour les g\u00e9n\u00e9rations pr\u00e9sentes et futures.<\/p>\n<h2>Une D\u00e9cision Commune pour l&#8217;H\u00e9ritage Collectif<\/h2>\n<p>Face aux d\u00e9fis du 21e si\u00e8cle, les communes franciliennes ont reconnu l&#8217;importance de pr\u00e9server leur histoire et leur identit\u00e9. La d\u00e9cision de d\u00e9velopper une conservation des archives locales en 2019 a \u00e9t\u00e9 un moment d\u00e9cisif, t\u00e9moignant de la volont\u00e9 collective de prot\u00e9ger l&#8217;h\u00e9ritage riche et diversifi\u00e9 de la r\u00e9gion.<\/p>\n<h2>DMJ Archives : L&#8217;\u00c9manation d&#8217;une Vision Commune<\/h2>\n<p>DMJ Archives \u00e9merge comme l&#8217;\u00e9manation concr\u00e8te de cette vision commune. Lanc\u00e9 \u00e0 l&#8217;initiative de l&#8217;Association des Maires Franciliens, ce projet novateur vise \u00e0 cr\u00e9er une archive num\u00e9rique exhaustive, accessible \u00e0 tous, rassemblant les tr\u00e9sors oubli\u00e9s des communes de l&#8217;\u00cele-de-France.<\/p>\n<h2>La Force de l&#8217;Union pour la Pr\u00e9servation<\/h2>\n<p>L&#8217;Association des Maires Franciliens a \u00e9t\u00e9 le catalyseur de cette union pour la pr\u00e9servation. Les communes, qu&#8217;elles soient grandes m\u00e9tropoles ou petites localit\u00e9s, se sont unies dans un effort conjoint pour pr\u00e9server l&#8217;histoire et la m\u00e9moire locale. DMJ Archives est ainsi devenu le porte-\u00e9tendard de cette d\u00e9marche, offrant une plateforme dynamique et \u00e9volutive pour la conservation des archives.<\/p>\n<h2>DMJ Archives en Action : Recherche, Collecte, Conservation<\/h2>\n<p>DMJ Archives ne se contente pas de pr\u00e9server passivement, mais s&#8217;engage activement dans la recherche, la collecte, et la conservation des archives. Des partenariats techniques exclusifs ont \u00e9t\u00e9 d\u00e9velopp\u00e9s pour traquer et r\u00e9habiliter des donn\u00e9es disparues, faisant de cette initiative bien plus qu&#8217;une simple vitrine statique.<\/p>\n<h2>Un Legs Num\u00e9rique pour les G\u00e9n\u00e9rations Futures<\/h2>\n<p>DMJ Archives repr\u00e9sente un legs num\u00e9rique pour les g\u00e9n\u00e9rations futures. C&#8217;est un acte de pr\u00e9servation qui transcende les \u00e9ph\u00e9m\u00e9rit\u00e9s du num\u00e9rique, offrant aux citoyens, chercheurs, et curieux un acc\u00e8s sans pr\u00e9c\u00e9dent \u00e0 l&#8217;histoire vivante de l&#8217;\u00cele-de-France.<\/p>\n<h2>Participez \u00e0 la Construction de l&#8217;Histoire<\/h2>\n<p>Au c\u0153ur de cette initiative, chaque citoyen est appel\u00e9 \u00e0 participer \u00e0 la construction de l&#8217;histoire. DMJ Archives invite les r\u00e9sidents, les associations, et les d\u00e9tenteurs d&#8217;archives \u00e0 contribuer activement, faisant de cet espace num\u00e9rique une m\u00e9moire collective en mouvement.<\/p>\n<h2>Contactez DMJ Archives pour une Contribution Significative<\/h2>\n<p>Pour participer \u00e0 cette aventure de pr\u00e9servation, contactez DMJ Archives \u00e0 l&#8217;adresse suivante : P\u00f4le associatif CDCL \u2013 Maires Franciliens 3 Boulevard de S\u00e9bastopol 75001 PARIS Email : <a href=\"mailto:contact@dmjarchives.org\" target=\"_new\" rel=\"noopener\">contact@dmjarchives.org<\/a><\/p>\n<p>DMJ Archives, fruit d&#8217;une d\u00e9cision commune, continue de forger l&#8217;avenir de la pr\u00e9servation num\u00e9rique, incarnant l&#8217;engagement des communes d&#8217;\u00cele-de-France envers leur propre histoire. C&#8217;est une c\u00e9l\u00e9bration de l&#8217;union pour la m\u00e9moire, une initiative qui transcende le temps et les fronti\u00e8res num\u00e9riques.<\/p>\n","protected":false},"excerpt":{"rendered":"<p>DMJ Archives : Une Initiative Visionnaire Suite \u00e0 la D\u00e9cision Commune de 2019 En 2019, les communes d&#8217;\u00cele-de-France ont pris une d\u00e9cision audacieuse et visionnaire : d\u00e9velopper une conservation syst\u00e9matique de leurs archives locales. C&#8217;est dans la foul\u00e9e de cette &hellip; <\/p>\n","protected":false},"author":1,"featured_media":0,"comment_status":"closed","ping_status":"open","sticky":false,"template":"","format":"standard","meta":{"footnotes":""},"categories":[1],"tags":[],"class_list":["post-1137","post","type-post","status-publish","format-standard","hentry","category-uncategorized"],"yoast_head":"<!-- This site is optimized with the Yoast SEO plugin v27.5 - https:\/\/yoast.com\/product\/yoast-seo-wordpress\/ -->\n<title>DMJ Archives : Une Initiative Visionnaire Suite \u00e0 la D\u00e9cision Commune de 2019 - DMJ ARCHIVES<\/title>\n<meta name=\"robots\" content=\"noindex, follow, max-snippet:-1, max-image-preview:large, max-video-preview:-1\" \/>\n<meta property=\"og:locale\" content=\"fr_FR\" \/>\n<meta property=\"og:type\" content=\"article\" \/>\n<meta property=\"og:title\" content=\"DMJ Archives : Une Initiative Visionnaire Suite \u00e0 la D\u00e9cision Commune de 2019 - DMJ ARCHIVES\" \/>\n<meta property=\"og:description\" content=\"DMJ Archives : Une Initiative Visionnaire Suite \u00e0 la D\u00e9cision Commune de 2019 En 2019, les communes d&#8217;\u00cele-de-France ont pris une d\u00e9cision audacieuse et visionnaire : d\u00e9velopper une conservation syst\u00e9matique de leurs archives locales. C&#8217;est dans la foul\u00e9e de cette &hellip;\" \/>\n<meta property=\"og:url\" content=\"https:\/\/www.dmjarchives.org\/commune\/noyau\/dmj-archives-une-initiative-visionnaire-suite-a-la-decision-commune-de-2019\/\" \/>\n<meta property=\"og:site_name\" content=\"DMJ ARCHIVES\" \/>\n<meta property=\"article:published_time\" content=\"2023-10-15T18:02:11+00:00\" \/>\n<meta property=\"article:modified_time\" content=\"2023-11-09T19:03:54+00:00\" \/>\n<meta name=\"author\" content=\"Jordane - Asso MF cdcl\" \/>\n<meta name=\"twitter:card\" content=\"summary_large_image\" \/>\n<meta name=\"twitter:label1\" content=\"\u00c9crit par\" \/>\n\t<meta name=\"twitter:data1\" content=\"Jordane - Asso MF cdcl\" \/>\n\t<meta name=\"twitter:label2\" content=\"Dur\u00e9e de lecture estim\u00e9e\" \/>\n\t<meta name=\"twitter:data2\" content=\"3 minutes\" \/>\n<script type=\"application\/ld+json\" class=\"yoast-schema-graph\">{\"@context\":\"https:\\\/\\\/schema.org\",\"@graph\":[{\"@type\":\"Article\",\"@id\":\"https:\\\/\\\/www.dmjarchives.org\\\/commune\\\/noyau\\\/dmj-archives-une-initiative-visionnaire-suite-a-la-decision-commune-de-2019\\\/#article\",\"isPartOf\":{\"@id\":\"https:\\\/\\\/www.dmjarchives.org\\\/commune\\\/noyau\\\/dmj-archives-une-initiative-visionnaire-suite-a-la-decision-commune-de-2019\\\/\"},\"author\":{\"name\":\"Jordane - Asso MF cdcl\",\"@id\":\"https:\\\/\\\/www.dmjarchives.org\\\/commune\\\/noyau\\\/#\\\/schema\\\/person\\\/b6161bce4f9b31f046e78f0cebbbd0a3\"},\"headline\":\"DMJ Archives : Une Initiative Visionnaire Suite \u00e0 la D\u00e9cision Commune de 2019\",\"datePublished\":\"2023-10-15T18:02:11+00:00\",\"dateModified\":\"2023-11-09T19:03:54+00:00\",\"mainEntityOfPage\":{\"@id\":\"https:\\\/\\\/www.dmjarchives.org\\\/commune\\\/noyau\\\/dmj-archives-une-initiative-visionnaire-suite-a-la-decision-commune-de-2019\\\/\"},\"wordCount\":558,\"publisher\":{\"@id\":\"https:\\\/\\\/www.dmjarchives.org\\\/commune\\\/noyau\\\/#organization\"},\"articleSection\":[\"Sans cat\u00e9gories.\"],\"inLanguage\":\"fr-FR\"},{\"@type\":\"WebPage\",\"@id\":\"https:\\\/\\\/www.dmjarchives.org\\\/commune\\\/noyau\\\/dmj-archives-une-initiative-visionnaire-suite-a-la-decision-commune-de-2019\\\/\",\"url\":\"https:\\\/\\\/www.dmjarchives.org\\\/commune\\\/noyau\\\/dmj-archives-une-initiative-visionnaire-suite-a-la-decision-commune-de-2019\\\/\",\"name\":\"DMJ Archives : Une Initiative Visionnaire Suite \u00e0 la D\u00e9cision Commune de 2019 - DMJ ARCHIVES\",\"isPartOf\":{\"@id\":\"https:\\\/\\\/www.dmjarchives.org\\\/commune\\\/noyau\\\/#website\"},\"datePublished\":\"2023-10-15T18:02:11+00:00\",\"dateModified\":\"2023-11-09T19:03:54+00:00\",\"breadcrumb\":{\"@id\":\"https:\\\/\\\/www.dmjarchives.org\\\/commune\\\/noyau\\\/dmj-archives-une-initiative-visionnaire-suite-a-la-decision-commune-de-2019\\\/#breadcrumb\"},\"inLanguage\":\"fr-FR\",\"potentialAction\":[{\"@type\":\"ReadAction\",\"target\":[\"https:\\\/\\\/www.dmjarchives.org\\\/commune\\\/noyau\\\/dmj-archives-une-initiative-visionnaire-suite-a-la-decision-commune-de-2019\\\/\"]}]},{\"@type\":\"BreadcrumbList\",\"@id\":\"https:\\\/\\\/www.dmjarchives.org\\\/commune\\\/noyau\\\/dmj-archives-une-initiative-visionnaire-suite-a-la-decision-commune-de-2019\\\/#breadcrumb\",\"itemListElement\":[{\"@type\":\"ListItem\",\"position\":1,\"name\":\"Accueil\",\"item\":\"https:\\\/\\\/www.dmjarchives.org\\\/commune\\\/noyau\\\/au-fil-de-lhistoire-du-site\\\/\"},{\"@type\":\"ListItem\",\"position\":2,\"name\":\"DMJ Archives : Une Initiative Visionnaire Suite \u00e0 la D\u00e9cision Commune de 2019\"}]},{\"@type\":\"WebSite\",\"@id\":\"https:\\\/\\\/www.dmjarchives.org\\\/commune\\\/noyau\\\/#website\",\"url\":\"https:\\\/\\\/www.dmjarchives.org\\\/commune\\\/noyau\\\/\",\"name\":\"DMJ ARCHIVES\",\"description\":\"Archives Internet\",\"publisher\":{\"@id\":\"https:\\\/\\\/www.dmjarchives.org\\\/commune\\\/noyau\\\/#organization\"},\"potentialAction\":[{\"@type\":\"SearchAction\",\"target\":{\"@type\":\"EntryPoint\",\"urlTemplate\":\"https:\\\/\\\/www.dmjarchives.org\\\/commune\\\/noyau\\\/?s={search_term_string}\"},\"query-input\":{\"@type\":\"PropertyValueSpecification\",\"valueRequired\":true,\"valueName\":\"search_term_string\"}}],\"inLanguage\":\"fr-FR\"},{\"@type\":\"Organization\",\"@id\":\"https:\\\/\\\/www.dmjarchives.org\\\/commune\\\/noyau\\\/#organization\",\"name\":\"dmjarchives\",\"url\":\"https:\\\/\\\/www.dmjarchives.org\\\/commune\\\/noyau\\\/\",\"logo\":{\"@type\":\"ImageObject\",\"inLanguage\":\"fr-FR\",\"@id\":\"https:\\\/\\\/www.dmjarchives.org\\\/commune\\\/noyau\\\/#\\\/schema\\\/logo\\\/image\\\/\",\"url\":\"https:\\\/\\\/www.dmjarchives.org\\\/commune\\\/noyau\\\/wp-content\\\/uploads\\\/2023\\\/10\\\/logo-2.png\",\"contentUrl\":\"https:\\\/\\\/www.dmjarchives.org\\\/commune\\\/noyau\\\/wp-content\\\/uploads\\\/2023\\\/10\\\/logo-2.png\",\"width\":390,\"height\":486,\"caption\":\"dmjarchives\"},\"image\":{\"@id\":\"https:\\\/\\\/www.dmjarchives.org\\\/commune\\\/noyau\\\/#\\\/schema\\\/logo\\\/image\\\/\"}},{\"@type\":\"Person\",\"@id\":\"https:\\\/\\\/www.dmjarchives.org\\\/commune\\\/noyau\\\/#\\\/schema\\\/person\\\/b6161bce4f9b31f046e78f0cebbbd0a3\",\"name\":\"Jordane - Asso MF cdcl\",\"image\":{\"@type\":\"ImageObject\",\"inLanguage\":\"fr-FR\",\"@id\":\"https:\\\/\\\/secure.gravatar.com\\\/avatar\\\/d6e6f99632e750bb798ca403d8a34df8835c1d45ea8ab6c0db466b4d9e1c3812?s=96&d=mm&r=g\",\"url\":\"https:\\\/\\\/secure.gravatar.com\\\/avatar\\\/d6e6f99632e750bb798ca403d8a34df8835c1d45ea8ab6c0db466b4d9e1c3812?s=96&d=mm&r=g\",\"contentUrl\":\"https:\\\/\\\/secure.gravatar.com\\\/avatar\\\/d6e6f99632e750bb798ca403d8a34df8835c1d45ea8ab6c0db466b4d9e1c3812?s=96&d=mm&r=g\",\"caption\":\"Jordane - Asso MF cdcl\"},\"sameAs\":[\"https:\\\/\\\/www.dmjarchives.org\\\/commune\\\/noyau\"],\"url\":\"https:\\\/\\\/www.dmjarchives.org\\\/commune\\\/noyau\\\/author\\\/vesadmin\\\/\"}]}<\/script>\n<!-- \/ Yoast SEO plugin. -->","yoast_head_json":{"title":"DMJ Archives : Une Initiative Visionnaire Suite \u00e0 la D\u00e9cision Commune de 2019 - DMJ ARCHIVES","robots":{"index":"noindex","follow":"follow","max-snippet":"max-snippet:-1","max-image-preview":"max-image-preview:large","max-video-preview":"max-video-preview:-1"},"og_locale":"fr_FR","og_type":"article","og_title":"DMJ Archives : Une Initiative Visionnaire Suite \u00e0 la D\u00e9cision Commune de 2019 - DMJ ARCHIVES","og_description":"DMJ Archives : Une Initiative Visionnaire Suite \u00e0 la D\u00e9cision Commune de 2019 En 2019, les communes d&#8217;\u00cele-de-France ont pris une d\u00e9cision audacieuse et visionnaire : d\u00e9velopper une conservation syst\u00e9matique de leurs archives locales. C&#8217;est dans la foul\u00e9e de cette &hellip;","og_url":"https:\/\/www.dmjarchives.org\/commune\/noyau\/dmj-archives-une-initiative-visionnaire-suite-a-la-decision-commune-de-2019\/","og_site_name":"DMJ ARCHIVES","article_published_time":"2023-10-15T18:02:11+00:00","article_modified_time":"2023-11-09T19:03:54+00:00","author":"Jordane - Asso MF cdcl","twitter_card":"summary_large_image","twitter_misc":{"\u00c9crit par":"Jordane - Asso MF cdcl","Dur\u00e9e de lecture estim\u00e9e":"3 minutes"},"schema":{"@context":"https:\/\/schema.org","@graph":[{"@type":"Article","@id":"https:\/\/www.dmjarchives.org\/commune\/noyau\/dmj-archives-une-initiative-visionnaire-suite-a-la-decision-commune-de-2019\/#article","isPartOf":{"@id":"https:\/\/www.dmjarchives.org\/commune\/noyau\/dmj-archives-une-initiative-visionnaire-suite-a-la-decision-commune-de-2019\/"},"author":{"name":"Jordane - Asso MF cdcl","@id":"https:\/\/www.dmjarchives.org\/commune\/noyau\/#\/schema\/person\/b6161bce4f9b31f046e78f0cebbbd0a3"},"headline":"DMJ Archives : Une Initiative Visionnaire Suite \u00e0 la D\u00e9cision Commune de 2019","datePublished":"2023-10-15T18:02:11+00:00","dateModified":"2023-11-09T19:03:54+00:00","mainEntityOfPage":{"@id":"https:\/\/www.dmjarchives.org\/commune\/noyau\/dmj-archives-une-initiative-visionnaire-suite-a-la-decision-commune-de-2019\/"},"wordCount":558,"publisher":{"@id":"https:\/\/www.dmjarchives.org\/commune\/noyau\/#organization"},"articleSection":["Sans cat\u00e9gories."],"inLanguage":"fr-FR"},{"@type":"WebPage","@id":"https:\/\/www.dmjarchives.org\/commune\/noyau\/dmj-archives-une-initiative-visionnaire-suite-a-la-decision-commune-de-2019\/","url":"https:\/\/www.dmjarchives.org\/commune\/noyau\/dmj-archives-une-initiative-visionnaire-suite-a-la-decision-commune-de-2019\/","name":"DMJ Archives : Une Initiative Visionnaire Suite \u00e0 la D\u00e9cision Commune de 2019 - DMJ ARCHIVES","isPartOf":{"@id":"https:\/\/www.dmjarchives.org\/commune\/noyau\/#website"},"datePublished":"2023-10-15T18:02:11+00:00","dateModified":"2023-11-09T19:03:54+00:00","breadcrumb":{"@id":"https:\/\/www.dmjarchives.org\/commune\/noyau\/dmj-archives-une-initiative-visionnaire-suite-a-la-decision-commune-de-2019\/#breadcrumb"},"inLanguage":"fr-FR","potentialAction":[{"@type":"ReadAction","target":["https:\/\/www.dmjarchives.org\/commune\/noyau\/dmj-archives-une-initiative-visionnaire-suite-a-la-decision-commune-de-2019\/"]}]},{"@type":"BreadcrumbList","@id":"https:\/\/www.dmjarchives.org\/commune\/noyau\/dmj-archives-une-initiative-visionnaire-suite-a-la-decision-commune-de-2019\/#breadcrumb","itemListElement":[{"@type":"ListItem","position":1,"name":"Accueil","item":"https:\/\/www.dmjarchives.org\/commune\/noyau\/au-fil-de-lhistoire-du-site\/"},{"@type":"ListItem","position":2,"name":"DMJ Archives : Une Initiative Visionnaire Suite \u00e0 la D\u00e9cision Commune de 2019"}]},{"@type":"WebSite","@id":"https:\/\/www.dmjarchives.org\/commune\/noyau\/#website","url":"https:\/\/www.dmjarchives.org\/commune\/noyau\/","name":"DMJ ARCHIVES","description":"Archives Internet","publisher":{"@id":"https:\/\/www.dmjarchives.org\/commune\/noyau\/#organization"},"potentialAction":[{"@type":"SearchAction","target":{"@type":"EntryPoint","urlTemplate":"https:\/\/www.dmjarchives.org\/commune\/noyau\/?s={search_term_string}"},"query-input":{"@type":"PropertyValueSpecification","valueRequired":true,"valueName":"search_term_string"}}],"inLanguage":"fr-FR"},{"@type":"Organization","@id":"https:\/\/www.dmjarchives.org\/commune\/noyau\/#organization","name":"dmjarchives","url":"https:\/\/www.dmjarchives.org\/commune\/noyau\/","logo":{"@type":"ImageObject","inLanguage":"fr-FR","@id":"https:\/\/www.dmjarchives.org\/commune\/noyau\/#\/schema\/logo\/image\/","url":"https:\/\/www.dmjarchives.org\/commune\/noyau\/wp-content\/uploads\/2023\/10\/logo-2.png","contentUrl":"https:\/\/www.dmjarchives.org\/commune\/noyau\/wp-content\/uploads\/2023\/10\/logo-2.png","width":390,"height":486,"caption":"dmjarchives"},"image":{"@id":"https:\/\/www.dmjarchives.org\/commune\/noyau\/#\/schema\/logo\/image\/"}},{"@type":"Person","@id":"https:\/\/www.dmjarchives.org\/commune\/noyau\/#\/schema\/person\/b6161bce4f9b31f046e78f0cebbbd0a3","name":"Jordane - Asso MF cdcl","image":{"@type":"ImageObject","inLanguage":"fr-FR","@id":"https:\/\/secure.gravatar.com\/avatar\/d6e6f99632e750bb798ca403d8a34df8835c1d45ea8ab6c0db466b4d9e1c3812?s=96&d=mm&r=g","url":"https:\/\/secure.gravatar.com\/avatar\/d6e6f99632e750bb798ca403d8a34df8835c1d45ea8ab6c0db466b4d9e1c3812?s=96&d=mm&r=g","contentUrl":"https:\/\/secure.gravatar.com\/avatar\/d6e6f99632e750bb798ca403d8a34df8835c1d45ea8ab6c0db466b4d9e1c3812?s=96&d=mm&r=g","caption":"Jordane - Asso MF cdcl"},"sameAs":["https:\/\/www.dmjarchives.org\/commune\/noyau"],"url":"https:\/\/www.dmjarchives.org\/commune\/noyau\/author\/vesadmin\/"}]}},"_links":{"self":[{"href":"https:\/\/www.dmjarchives.org\/commune\/noyau\/wp-json\/wp\/v2\/posts\/1137","targetHints":{"allow":["GET"]}}],"collection":[{"href":"https:\/\/www.dmjarchives.org\/commune\/noyau\/wp-json\/wp\/v2\/posts"}],"about":[{"href":"https:\/\/www.dmjarchives.org\/commune\/noyau\/wp-json\/wp\/v2\/types\/post"}],"author":[{"embeddable":true,"href":"https:\/\/www.dmjarchives.org\/commune\/noyau\/wp-json\/wp\/v2\/users\/1"}],"replies":[{"embeddable":true,"href":"https:\/\/www.dmjarchives.org\/commune\/noyau\/wp-json\/wp\/v2\/comments?post=1137"}],"version-history":[{"count":1,"href":"https:\/\/www.dmjarchives.org\/commune\/noyau\/wp-json\/wp\/v2\/posts\/1137\/revisions"}],"predecessor-version":[{"id":1139,"href":"https:\/\/www.dmjarchives.org\/commune\/noyau\/wp-json\/wp\/v2\/posts\/1137\/revisions\/1139"}],"wp:attachment":[{"href":"https:\/\/www.dmjarchives.org\/commune\/noyau\/wp-json\/wp\/v2\/media?parent=1137"}],"wp:term":[{"taxonomy":"category","embeddable":true,"href":"https:\/\/www.dmjarchives.org\/commune\/noyau\/wp-json\/wp\/v2\/categories?post=1137"},{"taxonomy":"post_tag","embeddable":true,"href":"https:\/\/www.dmjarchives.org\/commune\/noyau\/wp-json\/wp\/v2\/tags?post=1137"}],"curies":[{"name":"wp","href":"https:\/\/api.w.org\/{rel}","templated":true}]}}