{"id":1130,"date":"2024-01-15T19:34:40","date_gmt":"2024-01-15T18:34:40","guid":{"rendered":"https:\/\/www.dmjarchives.org\/commune\/noyau\/?p=1130"},"modified":"2023-11-09T19:36:24","modified_gmt":"2023-11-09T18:36:24","slug":"quand-les-benevoles-ravivent-le-patrimoine-numerique-de-lile-de-france","status":"publish","type":"post","link":"https:\/\/www.dmjarchives.org\/commune\/noyau\/quand-les-benevoles-ravivent-le-patrimoine-numerique-de-lile-de-france\/","title":{"rendered":"Quand les B\u00e9n\u00e9voles Ravivent le Patrimoine Num\u00e9rique de l&#8217;\u00cele-de-France"},"content":{"rendered":"<h1>L&#8217;H\u00e9ritage Vivant : Quand les B\u00e9n\u00e9voles Ravivent le Patrimoine Num\u00e9rique de l&#8217;\u00cele-de-France<\/h1>\n<p>Au c\u0153ur de la pr\u00e9servation du patrimoine num\u00e9rique, une force singuli\u00e8re se profile : celle des b\u00e9n\u00e9voles d\u00e9vou\u00e9s. DMJ Archives, orchestr\u00e9 par l&#8217;association des Maires Franciliens, s&#8217;enrichit chaque jour de ce travail altruiste qui donne une nouvelle vie \u00e0 des documents d&#8217;antan. Explorez avec nous le r\u00e9cit captivant de ces b\u00e9n\u00e9voles passionn\u00e9s qui, par leurs dons, ravivent notre patrimoine num\u00e9rique collectif.<\/p>\n<h2>Les Gardiens du Pass\u00e9 : B\u00e9n\u00e9voles au C\u0153ur de DMJ Archives<\/h2>\n<p>Dans le monde num\u00e9rique, les b\u00e9n\u00e9voles de DMJ Archives incarnent les gardiens du pass\u00e9. Leur mission ? Collecter et partager des documents d&#8217;\u00e9poque, tels que d&#8217;anciens journaux municipaux, des photographies d&#8217;\u00e9coles d&#8217;\u00e9poque, et bien d&#8217;autres tr\u00e9sors oubli\u00e9s. Ces b\u00e9n\u00e9voles deviennent des maillons essentiels dans la pr\u00e9servation de la m\u00e9moire locale.<\/p>\n<p><img decoding=\"async\" src=\"https:\/\/chat.openai.com\/c\/url_de_l_image\" alt=\"Ancienne Photo Scolaire\" \/> <em>Cr\u00e9dit Photo : B\u00e9n\u00e9vole de DMJ Archives<\/em><\/p>\n<h2>Offrir une Nouvelle Vie aux Vieux Tr\u00e9sors<\/h2>\n<p>Les b\u00e9n\u00e9voles apportent une contribution inestimable en offrant une nouvelle vie aux vieux tr\u00e9sors d\u00e9nich\u00e9s au fond des armoires et des greniers. Leurs dons, qu&#8217;il s&#8217;agisse de photos d&#8217;\u00e9cole jaunies par le temps ou de journaux municipaux patin\u00e9s par l&#8217;histoire, contribuent \u00e0 enrichir la plateforme DMJ Archives d&#8217;une palette visuelle et narrative \u00e9tonnante.<\/p>\n<p><img decoding=\"async\" src=\"https:\/\/chat.openai.com\/c\/url_de_l_image\" alt=\"Ancien Journal Municipal\" \/> <em>Cr\u00e9dit Photo : B\u00e9n\u00e9vole de DMJ Archives<\/em><\/p>\n<h2>Les Histoires Derri\u00e8re les Images<\/h2>\n<p>Chaque document partag\u00e9 par les b\u00e9n\u00e9voles porte en lui une histoire captivante. Les photographies d&#8217;\u00e9coles d&#8217;antan racontent l&#8217;\u00e9volution des communaut\u00e9s \u00e9ducatives, tandis que les journaux municipaux r\u00e9v\u00e8lent les enjeux et les \u00e9v\u00e9nements qui ont fa\u00e7onn\u00e9 la vie locale. Ces histoires, captur\u00e9es dans des images et des textes d&#8217;une autre \u00e9poque, sont autant de fen\u00eatres ouvertes sur le pass\u00e9.<\/p>\n<h2>L&#8217;Appel aux B\u00e9n\u00e9voles : Participez \u00e0 l&#8217;Aventure<\/h2>\n<p>DMJ Archives lance un appel passionn\u00e9 \u00e0 d&#8217;autres b\u00e9n\u00e9voles qui pourraient d\u00e9tenir des tr\u00e9sors oubli\u00e9s dans leurs albums photo ou dans leurs archives familiales. Chaque don contribue \u00e0 tisser une toile plus compl\u00e8te de l&#8217;histoire locale. L&#8217;association des Maires Franciliens invite ainsi toute personne d\u00e9sireuse de partager ces souvenirs \u00e0 rejoindre cette aventure de pr\u00e9servation.<\/p>\n<h2>Comment Devenir B\u00e9n\u00e9vole<\/h2>\n<p>Devenir b\u00e9n\u00e9vole pour DMJ Archives est simple. Il suffit de contacter l&#8217;association des Maires Franciliens via l&#8217;adresse email d\u00e9di\u00e9e : <a href=\"mailto:contact@dmjarchives.org\" target=\"_new\" rel=\"noopener\">contact@dmjarchives.org<\/a>. Les b\u00e9n\u00e9voles peuvent partager leurs documents, raconter les anecdotes qui les accompagnent, et ainsi participer \u00e0 l&#8217;enrichissement du patrimoine num\u00e9rique collectif.<\/p>\n<h2>Un Hommage aux B\u00e9n\u00e9voles<\/h2>\n<p>DMJ Archives rend hommage \u00e0 ces b\u00e9n\u00e9voles, v\u00e9ritables architectes d&#8217;une m\u00e9moire collective revitalis\u00e9e. Gr\u00e2ce \u00e0 leur g\u00e9n\u00e9rosit\u00e9, le patrimoine num\u00e9rique de l&#8217;\u00cele-de-France devient une mosa\u00efque riche en couleurs et en r\u00e9cits, pr\u00eate \u00e0 \u00eatre explor\u00e9e par les g\u00e9n\u00e9rations actuelles et futures.<\/p>\n<p><img decoding=\"async\" src=\"https:\/\/chat.openai.com\/c\/url_de_l_image\" alt=\"Groupe de B\u00e9n\u00e9voles\" \/> <em>Cr\u00e9dit Photo : B\u00e9n\u00e9voles de DMJ Archives<\/em><\/p>\n<h2>Ensemble, Pr\u00e9servons l&#8217;H\u00e9ritage Num\u00e9rique<\/h2>\n<p>DMJ Archives est bien plus qu&#8217;une simple plateforme de conservation. C&#8217;est une communaut\u00e9 dynamique o\u00f9 les b\u00e9n\u00e9voles et les r\u00e9sidents s&#8217;unissent pour pr\u00e9server un h\u00e9ritage num\u00e9rique vivant. Gr\u00e2ce \u00e0 leur d\u00e9vouement, les pages virtuelles se remplissent de visages du pass\u00e9, de moments significatifs et d&#8217;histoires inoubliables. Un travail de b\u00e9n\u00e9voles qui transcende le num\u00e9rique pour insuffler une nouvelle vie \u00e0 notre m\u00e9moire collective.<\/p>\n","protected":false},"excerpt":{"rendered":"<p>L&#8217;H\u00e9ritage Vivant : Quand les B\u00e9n\u00e9voles Ravivent le Patrimoine Num\u00e9rique de l&#8217;\u00cele-de-France Au c\u0153ur de la pr\u00e9servation du patrimoine num\u00e9rique, une force singuli\u00e8re se profile : celle des b\u00e9n\u00e9voles d\u00e9vou\u00e9s. DMJ Archives, orchestr\u00e9 par l&#8217;association des Maires Franciliens, s&#8217;enrichit chaque &hellip; <\/p>\n","protected":false},"author":1,"featured_media":373,"comment_status":"closed","ping_status":"open","sticky":false,"template":"","format":"standard","meta":{"footnotes":""},"categories":[1],"tags":[],"class_list":["post-1130","post","type-post","status-publish","format-standard","has-post-thumbnail","hentry","category-uncategorized"],"yoast_head":"<!-- This site is optimized with the Yoast SEO plugin v27.5 - https:\/\/yoast.com\/product\/yoast-seo-wordpress\/ -->\n<title>Quand les B\u00e9n\u00e9voles Ravivent le Patrimoine Num\u00e9rique de l&#039;\u00cele-de-France - DMJ ARCHIVES<\/title>\n<meta name=\"robots\" content=\"noindex, follow, max-snippet:-1, max-image-preview:large, max-video-preview:-1\" \/>\n<meta property=\"og:locale\" content=\"fr_FR\" \/>\n<meta property=\"og:type\" content=\"article\" \/>\n<meta property=\"og:title\" content=\"Quand les B\u00e9n\u00e9voles Ravivent le Patrimoine Num\u00e9rique de l&#039;\u00cele-de-France - DMJ ARCHIVES\" \/>\n<meta property=\"og:description\" content=\"L&#8217;H\u00e9ritage Vivant : Quand les B\u00e9n\u00e9voles Ravivent le Patrimoine Num\u00e9rique de l&#8217;\u00cele-de-France Au c\u0153ur de la pr\u00e9servation du patrimoine num\u00e9rique, une force singuli\u00e8re se profile : celle des b\u00e9n\u00e9voles d\u00e9vou\u00e9s. DMJ Archives, orchestr\u00e9 par l&#8217;association des Maires Franciliens, s&#8217;enrichit chaque &hellip;\" \/>\n<meta property=\"og:url\" content=\"https:\/\/www.dmjarchives.org\/commune\/noyau\/quand-les-benevoles-ravivent-le-patrimoine-numerique-de-lile-de-france\/\" \/>\n<meta property=\"og:site_name\" content=\"DMJ ARCHIVES\" \/>\n<meta property=\"article:published_time\" content=\"2024-01-15T18:34:40+00:00\" \/>\n<meta property=\"og:image\" content=\"https:\/\/www.dmjarchives.org\/commune\/noyau\/wp-content\/uploads\/2023\/10\/kisspng-statue-of-zeus-at-olympia-palace-of-versailles-tem-sculpture-5b155ca221b7a4.2650154815281266261381.png\" \/>\n\t<meta property=\"og:image:width\" content=\"500\" \/>\n\t<meta property=\"og:image:height\" content=\"706\" \/>\n\t<meta property=\"og:image:type\" content=\"image\/png\" \/>\n<meta name=\"author\" content=\"Jordane - Asso MF cdcl\" \/>\n<meta name=\"twitter:card\" content=\"summary_large_image\" \/>\n<meta name=\"twitter:label1\" content=\"\u00c9crit par\" \/>\n\t<meta name=\"twitter:data1\" content=\"Jordane - Asso MF cdcl\" \/>\n\t<meta name=\"twitter:label2\" content=\"Dur\u00e9e de lecture estim\u00e9e\" \/>\n\t<meta name=\"twitter:data2\" content=\"3 minutes\" \/>\n<script type=\"application\/ld+json\" class=\"yoast-schema-graph\">{\"@context\":\"https:\\\/\\\/schema.org\",\"@graph\":[{\"@type\":\"Article\",\"@id\":\"https:\\\/\\\/www.dmjarchives.org\\\/commune\\\/noyau\\\/quand-les-benevoles-ravivent-le-patrimoine-numerique-de-lile-de-france\\\/#article\",\"isPartOf\":{\"@id\":\"https:\\\/\\\/www.dmjarchives.org\\\/commune\\\/noyau\\\/quand-les-benevoles-ravivent-le-patrimoine-numerique-de-lile-de-france\\\/\"},\"author\":{\"name\":\"Jordane - Asso MF cdcl\",\"@id\":\"https:\\\/\\\/www.dmjarchives.org\\\/commune\\\/noyau\\\/#\\\/schema\\\/person\\\/b6161bce4f9b31f046e78f0cebbbd0a3\"},\"headline\":\"Quand les B\u00e9n\u00e9voles Ravivent le Patrimoine Num\u00e9rique de l&#8217;\u00cele-de-France\",\"datePublished\":\"2024-01-15T18:34:40+00:00\",\"mainEntityOfPage\":{\"@id\":\"https:\\\/\\\/www.dmjarchives.org\\\/commune\\\/noyau\\\/quand-les-benevoles-ravivent-le-patrimoine-numerique-de-lile-de-france\\\/\"},\"wordCount\":631,\"publisher\":{\"@id\":\"https:\\\/\\\/www.dmjarchives.org\\\/commune\\\/noyau\\\/#organization\"},\"image\":{\"@id\":\"https:\\\/\\\/www.dmjarchives.org\\\/commune\\\/noyau\\\/quand-les-benevoles-ravivent-le-patrimoine-numerique-de-lile-de-france\\\/#primaryimage\"},\"thumbnailUrl\":\"https:\\\/\\\/www.dmjarchives.org\\\/commune\\\/noyau\\\/wp-content\\\/uploads\\\/2023\\\/10\\\/kisspng-statue-of-zeus-at-olympia-palace-of-versailles-tem-sculpture-5b155ca221b7a4.2650154815281266261381.png\",\"articleSection\":[\"Sans cat\u00e9gories.\"],\"inLanguage\":\"fr-FR\"},{\"@type\":\"WebPage\",\"@id\":\"https:\\\/\\\/www.dmjarchives.org\\\/commune\\\/noyau\\\/quand-les-benevoles-ravivent-le-patrimoine-numerique-de-lile-de-france\\\/\",\"url\":\"https:\\\/\\\/www.dmjarchives.org\\\/commune\\\/noyau\\\/quand-les-benevoles-ravivent-le-patrimoine-numerique-de-lile-de-france\\\/\",\"name\":\"Quand les B\u00e9n\u00e9voles Ravivent le Patrimoine Num\u00e9rique de l'\u00cele-de-France - DMJ ARCHIVES\",\"isPartOf\":{\"@id\":\"https:\\\/\\\/www.dmjarchives.org\\\/commune\\\/noyau\\\/#website\"},\"primaryImageOfPage\":{\"@id\":\"https:\\\/\\\/www.dmjarchives.org\\\/commune\\\/noyau\\\/quand-les-benevoles-ravivent-le-patrimoine-numerique-de-lile-de-france\\\/#primaryimage\"},\"image\":{\"@id\":\"https:\\\/\\\/www.dmjarchives.org\\\/commune\\\/noyau\\\/quand-les-benevoles-ravivent-le-patrimoine-numerique-de-lile-de-france\\\/#primaryimage\"},\"thumbnailUrl\":\"https:\\\/\\\/www.dmjarchives.org\\\/commune\\\/noyau\\\/wp-content\\\/uploads\\\/2023\\\/10\\\/kisspng-statue-of-zeus-at-olympia-palace-of-versailles-tem-sculpture-5b155ca221b7a4.2650154815281266261381.png\",\"datePublished\":\"2024-01-15T18:34:40+00:00\",\"breadcrumb\":{\"@id\":\"https:\\\/\\\/www.dmjarchives.org\\\/commune\\\/noyau\\\/quand-les-benevoles-ravivent-le-patrimoine-numerique-de-lile-de-france\\\/#breadcrumb\"},\"inLanguage\":\"fr-FR\",\"potentialAction\":[{\"@type\":\"ReadAction\",\"target\":[\"https:\\\/\\\/www.dmjarchives.org\\\/commune\\\/noyau\\\/quand-les-benevoles-ravivent-le-patrimoine-numerique-de-lile-de-france\\\/\"]}]},{\"@type\":\"ImageObject\",\"inLanguage\":\"fr-FR\",\"@id\":\"https:\\\/\\\/www.dmjarchives.org\\\/commune\\\/noyau\\\/quand-les-benevoles-ravivent-le-patrimoine-numerique-de-lile-de-france\\\/#primaryimage\",\"url\":\"https:\\\/\\\/www.dmjarchives.org\\\/commune\\\/noyau\\\/wp-content\\\/uploads\\\/2023\\\/10\\\/kisspng-statue-of-zeus-at-olympia-palace-of-versailles-tem-sculpture-5b155ca221b7a4.2650154815281266261381.png\",\"contentUrl\":\"https:\\\/\\\/www.dmjarchives.org\\\/commune\\\/noyau\\\/wp-content\\\/uploads\\\/2023\\\/10\\\/kisspng-statue-of-zeus-at-olympia-palace-of-versailles-tem-sculpture-5b155ca221b7a4.2650154815281266261381.png\",\"width\":500,\"height\":706,\"caption\":\"une statue\"},{\"@type\":\"BreadcrumbList\",\"@id\":\"https:\\\/\\\/www.dmjarchives.org\\\/commune\\\/noyau\\\/quand-les-benevoles-ravivent-le-patrimoine-numerique-de-lile-de-france\\\/#breadcrumb\",\"itemListElement\":[{\"@type\":\"ListItem\",\"position\":1,\"name\":\"Accueil\",\"item\":\"https:\\\/\\\/www.dmjarchives.org\\\/commune\\\/noyau\\\/au-fil-de-lhistoire-du-site\\\/\"},{\"@type\":\"ListItem\",\"position\":2,\"name\":\"Quand les B\u00e9n\u00e9voles Ravivent le Patrimoine Num\u00e9rique de l&#8217;\u00cele-de-France\"}]},{\"@type\":\"WebSite\",\"@id\":\"https:\\\/\\\/www.dmjarchives.org\\\/commune\\\/noyau\\\/#website\",\"url\":\"https:\\\/\\\/www.dmjarchives.org\\\/commune\\\/noyau\\\/\",\"name\":\"DMJ ARCHIVES\",\"description\":\"Archives Internet\",\"publisher\":{\"@id\":\"https:\\\/\\\/www.dmjarchives.org\\\/commune\\\/noyau\\\/#organization\"},\"potentialAction\":[{\"@type\":\"SearchAction\",\"target\":{\"@type\":\"EntryPoint\",\"urlTemplate\":\"https:\\\/\\\/www.dmjarchives.org\\\/commune\\\/noyau\\\/?s={search_term_string}\"},\"query-input\":{\"@type\":\"PropertyValueSpecification\",\"valueRequired\":true,\"valueName\":\"search_term_string\"}}],\"inLanguage\":\"fr-FR\"},{\"@type\":\"Organization\",\"@id\":\"https:\\\/\\\/www.dmjarchives.org\\\/commune\\\/noyau\\\/#organization\",\"name\":\"dmjarchives\",\"url\":\"https:\\\/\\\/www.dmjarchives.org\\\/commune\\\/noyau\\\/\",\"logo\":{\"@type\":\"ImageObject\",\"inLanguage\":\"fr-FR\",\"@id\":\"https:\\\/\\\/www.dmjarchives.org\\\/commune\\\/noyau\\\/#\\\/schema\\\/logo\\\/image\\\/\",\"url\":\"https:\\\/\\\/www.dmjarchives.org\\\/commune\\\/noyau\\\/wp-content\\\/uploads\\\/2023\\\/10\\\/logo-2.png\",\"contentUrl\":\"https:\\\/\\\/www.dmjarchives.org\\\/commune\\\/noyau\\\/wp-content\\\/uploads\\\/2023\\\/10\\\/logo-2.png\",\"width\":390,\"height\":486,\"caption\":\"dmjarchives\"},\"image\":{\"@id\":\"https:\\\/\\\/www.dmjarchives.org\\\/commune\\\/noyau\\\/#\\\/schema\\\/logo\\\/image\\\/\"}},{\"@type\":\"Person\",\"@id\":\"https:\\\/\\\/www.dmjarchives.org\\\/commune\\\/noyau\\\/#\\\/schema\\\/person\\\/b6161bce4f9b31f046e78f0cebbbd0a3\",\"name\":\"Jordane - Asso MF cdcl\",\"image\":{\"@type\":\"ImageObject\",\"inLanguage\":\"fr-FR\",\"@id\":\"https:\\\/\\\/secure.gravatar.com\\\/avatar\\\/d6e6f99632e750bb798ca403d8a34df8835c1d45ea8ab6c0db466b4d9e1c3812?s=96&d=mm&r=g\",\"url\":\"https:\\\/\\\/secure.gravatar.com\\\/avatar\\\/d6e6f99632e750bb798ca403d8a34df8835c1d45ea8ab6c0db466b4d9e1c3812?s=96&d=mm&r=g\",\"contentUrl\":\"https:\\\/\\\/secure.gravatar.com\\\/avatar\\\/d6e6f99632e750bb798ca403d8a34df8835c1d45ea8ab6c0db466b4d9e1c3812?s=96&d=mm&r=g\",\"caption\":\"Jordane - Asso MF cdcl\"},\"sameAs\":[\"https:\\\/\\\/www.dmjarchives.org\\\/commune\\\/noyau\"],\"url\":\"https:\\\/\\\/www.dmjarchives.org\\\/commune\\\/noyau\\\/author\\\/vesadmin\\\/\"}]}<\/script>\n<!-- \/ Yoast SEO plugin. -->","yoast_head_json":{"title":"Quand les B\u00e9n\u00e9voles Ravivent le Patrimoine Num\u00e9rique de l'\u00cele-de-France - DMJ ARCHIVES","robots":{"index":"noindex","follow":"follow","max-snippet":"max-snippet:-1","max-image-preview":"max-image-preview:large","max-video-preview":"max-video-preview:-1"},"og_locale":"fr_FR","og_type":"article","og_title":"Quand les B\u00e9n\u00e9voles Ravivent le Patrimoine Num\u00e9rique de l'\u00cele-de-France - DMJ ARCHIVES","og_description":"L&#8217;H\u00e9ritage Vivant : Quand les B\u00e9n\u00e9voles Ravivent le Patrimoine Num\u00e9rique de l&#8217;\u00cele-de-France Au c\u0153ur de la pr\u00e9servation du patrimoine num\u00e9rique, une force singuli\u00e8re se profile : celle des b\u00e9n\u00e9voles d\u00e9vou\u00e9s. DMJ Archives, orchestr\u00e9 par l&#8217;association des Maires Franciliens, s&#8217;enrichit chaque &hellip;","og_url":"https:\/\/www.dmjarchives.org\/commune\/noyau\/quand-les-benevoles-ravivent-le-patrimoine-numerique-de-lile-de-france\/","og_site_name":"DMJ ARCHIVES","article_published_time":"2024-01-15T18:34:40+00:00","og_image":[{"width":500,"height":706,"url":"https:\/\/www.dmjarchives.org\/commune\/noyau\/wp-content\/uploads\/2023\/10\/kisspng-statue-of-zeus-at-olympia-palace-of-versailles-tem-sculpture-5b155ca221b7a4.2650154815281266261381.png","type":"image\/png"}],"author":"Jordane - Asso MF cdcl","twitter_card":"summary_large_image","twitter_misc":{"\u00c9crit par":"Jordane - Asso MF cdcl","Dur\u00e9e de lecture estim\u00e9e":"3 minutes"},"schema":{"@context":"https:\/\/schema.org","@graph":[{"@type":"Article","@id":"https:\/\/www.dmjarchives.org\/commune\/noyau\/quand-les-benevoles-ravivent-le-patrimoine-numerique-de-lile-de-france\/#article","isPartOf":{"@id":"https:\/\/www.dmjarchives.org\/commune\/noyau\/quand-les-benevoles-ravivent-le-patrimoine-numerique-de-lile-de-france\/"},"author":{"name":"Jordane - Asso MF cdcl","@id":"https:\/\/www.dmjarchives.org\/commune\/noyau\/#\/schema\/person\/b6161bce4f9b31f046e78f0cebbbd0a3"},"headline":"Quand les B\u00e9n\u00e9voles Ravivent le Patrimoine Num\u00e9rique de l&#8217;\u00cele-de-France","datePublished":"2024-01-15T18:34:40+00:00","mainEntityOfPage":{"@id":"https:\/\/www.dmjarchives.org\/commune\/noyau\/quand-les-benevoles-ravivent-le-patrimoine-numerique-de-lile-de-france\/"},"wordCount":631,"publisher":{"@id":"https:\/\/www.dmjarchives.org\/commune\/noyau\/#organization"},"image":{"@id":"https:\/\/www.dmjarchives.org\/commune\/noyau\/quand-les-benevoles-ravivent-le-patrimoine-numerique-de-lile-de-france\/#primaryimage"},"thumbnailUrl":"https:\/\/www.dmjarchives.org\/commune\/noyau\/wp-content\/uploads\/2023\/10\/kisspng-statue-of-zeus-at-olympia-palace-of-versailles-tem-sculpture-5b155ca221b7a4.2650154815281266261381.png","articleSection":["Sans cat\u00e9gories."],"inLanguage":"fr-FR"},{"@type":"WebPage","@id":"https:\/\/www.dmjarchives.org\/commune\/noyau\/quand-les-benevoles-ravivent-le-patrimoine-numerique-de-lile-de-france\/","url":"https:\/\/www.dmjarchives.org\/commune\/noyau\/quand-les-benevoles-ravivent-le-patrimoine-numerique-de-lile-de-france\/","name":"Quand les B\u00e9n\u00e9voles Ravivent le Patrimoine Num\u00e9rique de l'\u00cele-de-France - DMJ ARCHIVES","isPartOf":{"@id":"https:\/\/www.dmjarchives.org\/commune\/noyau\/#website"},"primaryImageOfPage":{"@id":"https:\/\/www.dmjarchives.org\/commune\/noyau\/quand-les-benevoles-ravivent-le-patrimoine-numerique-de-lile-de-france\/#primaryimage"},"image":{"@id":"https:\/\/www.dmjarchives.org\/commune\/noyau\/quand-les-benevoles-ravivent-le-patrimoine-numerique-de-lile-de-france\/#primaryimage"},"thumbnailUrl":"https:\/\/www.dmjarchives.org\/commune\/noyau\/wp-content\/uploads\/2023\/10\/kisspng-statue-of-zeus-at-olympia-palace-of-versailles-tem-sculpture-5b155ca221b7a4.2650154815281266261381.png","datePublished":"2024-01-15T18:34:40+00:00","breadcrumb":{"@id":"https:\/\/www.dmjarchives.org\/commune\/noyau\/quand-les-benevoles-ravivent-le-patrimoine-numerique-de-lile-de-france\/#breadcrumb"},"inLanguage":"fr-FR","potentialAction":[{"@type":"ReadAction","target":["https:\/\/www.dmjarchives.org\/commune\/noyau\/quand-les-benevoles-ravivent-le-patrimoine-numerique-de-lile-de-france\/"]}]},{"@type":"ImageObject","inLanguage":"fr-FR","@id":"https:\/\/www.dmjarchives.org\/commune\/noyau\/quand-les-benevoles-ravivent-le-patrimoine-numerique-de-lile-de-france\/#primaryimage","url":"https:\/\/www.dmjarchives.org\/commune\/noyau\/wp-content\/uploads\/2023\/10\/kisspng-statue-of-zeus-at-olympia-palace-of-versailles-tem-sculpture-5b155ca221b7a4.2650154815281266261381.png","contentUrl":"https:\/\/www.dmjarchives.org\/commune\/noyau\/wp-content\/uploads\/2023\/10\/kisspng-statue-of-zeus-at-olympia-palace-of-versailles-tem-sculpture-5b155ca221b7a4.2650154815281266261381.png","width":500,"height":706,"caption":"une statue"},{"@type":"BreadcrumbList","@id":"https:\/\/www.dmjarchives.org\/commune\/noyau\/quand-les-benevoles-ravivent-le-patrimoine-numerique-de-lile-de-france\/#breadcrumb","itemListElement":[{"@type":"ListItem","position":1,"name":"Accueil","item":"https:\/\/www.dmjarchives.org\/commune\/noyau\/au-fil-de-lhistoire-du-site\/"},{"@type":"ListItem","position":2,"name":"Quand les B\u00e9n\u00e9voles Ravivent le Patrimoine Num\u00e9rique de l&#8217;\u00cele-de-France"}]},{"@type":"WebSite","@id":"https:\/\/www.dmjarchives.org\/commune\/noyau\/#website","url":"https:\/\/www.dmjarchives.org\/commune\/noyau\/","name":"DMJ ARCHIVES","description":"Archives Internet","publisher":{"@id":"https:\/\/www.dmjarchives.org\/commune\/noyau\/#organization"},"potentialAction":[{"@type":"SearchAction","target":{"@type":"EntryPoint","urlTemplate":"https:\/\/www.dmjarchives.org\/commune\/noyau\/?s={search_term_string}"},"query-input":{"@type":"PropertyValueSpecification","valueRequired":true,"valueName":"search_term_string"}}],"inLanguage":"fr-FR"},{"@type":"Organization","@id":"https:\/\/www.dmjarchives.org\/commune\/noyau\/#organization","name":"dmjarchives","url":"https:\/\/www.dmjarchives.org\/commune\/noyau\/","logo":{"@type":"ImageObject","inLanguage":"fr-FR","@id":"https:\/\/www.dmjarchives.org\/commune\/noyau\/#\/schema\/logo\/image\/","url":"https:\/\/www.dmjarchives.org\/commune\/noyau\/wp-content\/uploads\/2023\/10\/logo-2.png","contentUrl":"https:\/\/www.dmjarchives.org\/commune\/noyau\/wp-content\/uploads\/2023\/10\/logo-2.png","width":390,"height":486,"caption":"dmjarchives"},"image":{"@id":"https:\/\/www.dmjarchives.org\/commune\/noyau\/#\/schema\/logo\/image\/"}},{"@type":"Person","@id":"https:\/\/www.dmjarchives.org\/commune\/noyau\/#\/schema\/person\/b6161bce4f9b31f046e78f0cebbbd0a3","name":"Jordane - Asso MF cdcl","image":{"@type":"ImageObject","inLanguage":"fr-FR","@id":"https:\/\/secure.gravatar.com\/avatar\/d6e6f99632e750bb798ca403d8a34df8835c1d45ea8ab6c0db466b4d9e1c3812?s=96&d=mm&r=g","url":"https:\/\/secure.gravatar.com\/avatar\/d6e6f99632e750bb798ca403d8a34df8835c1d45ea8ab6c0db466b4d9e1c3812?s=96&d=mm&r=g","contentUrl":"https:\/\/secure.gravatar.com\/avatar\/d6e6f99632e750bb798ca403d8a34df8835c1d45ea8ab6c0db466b4d9e1c3812?s=96&d=mm&r=g","caption":"Jordane - Asso MF cdcl"},"sameAs":["https:\/\/www.dmjarchives.org\/commune\/noyau"],"url":"https:\/\/www.dmjarchives.org\/commune\/noyau\/author\/vesadmin\/"}]}},"_links":{"self":[{"href":"https:\/\/www.dmjarchives.org\/commune\/noyau\/wp-json\/wp\/v2\/posts\/1130","targetHints":{"allow":["GET"]}}],"collection":[{"href":"https:\/\/www.dmjarchives.org\/commune\/noyau\/wp-json\/wp\/v2\/posts"}],"about":[{"href":"https:\/\/www.dmjarchives.org\/commune\/noyau\/wp-json\/wp\/v2\/types\/post"}],"author":[{"embeddable":true,"href":"https:\/\/www.dmjarchives.org\/commune\/noyau\/wp-json\/wp\/v2\/users\/1"}],"replies":[{"embeddable":true,"href":"https:\/\/www.dmjarchives.org\/commune\/noyau\/wp-json\/wp\/v2\/comments?post=1130"}],"version-history":[{"count":1,"href":"https:\/\/www.dmjarchives.org\/commune\/noyau\/wp-json\/wp\/v2\/posts\/1130\/revisions"}],"predecessor-version":[{"id":1132,"href":"https:\/\/www.dmjarchives.org\/commune\/noyau\/wp-json\/wp\/v2\/posts\/1130\/revisions\/1132"}],"wp:featuredmedia":[{"embeddable":true,"href":"https:\/\/www.dmjarchives.org\/commune\/noyau\/wp-json\/wp\/v2\/media\/373"}],"wp:attachment":[{"href":"https:\/\/www.dmjarchives.org\/commune\/noyau\/wp-json\/wp\/v2\/media?parent=1130"}],"wp:term":[{"taxonomy":"category","embeddable":true,"href":"https:\/\/www.dmjarchives.org\/commune\/noyau\/wp-json\/wp\/v2\/categories?post=1130"},{"taxonomy":"post_tag","embeddable":true,"href":"https:\/\/www.dmjarchives.org\/commune\/noyau\/wp-json\/wp\/v2\/tags?post=1130"}],"curies":[{"name":"wp","href":"https:\/\/api.w.org\/{rel}","templated":true}]}}