{"id":1124,"date":"2024-01-01T19:26:49","date_gmt":"2024-01-01T18:26:49","guid":{"rendered":"https:\/\/www.dmjarchives.org\/commune\/noyau\/?p=1124"},"modified":"2023-11-09T19:36:46","modified_gmt":"2023-11-09T18:36:46","slug":"sunir-pour-preserver-la-memoire-collective-de-lile-de-france","status":"publish","type":"post","link":"https:\/\/www.dmjarchives.org\/commune\/noyau\/sunir-pour-preserver-la-memoire-collective-de-lile-de-france\/","title":{"rendered":"S&#8217;Unir pour Pr\u00e9server la M\u00e9moire Collective de l&#8217;\u00cele-de-France"},"content":{"rendered":"<h1>DMJ Archives : S&#8217;Unir pour Pr\u00e9server la M\u00e9moire Collective de l&#8217;\u00cele-de-France<\/h1>\n<p>Au croisement du num\u00e9rique et de l&#8217;histoire locale, DMJ Archives \u00e9merge comme le gardien virtuel des souvenirs partag\u00e9s. Au-del\u00e0 de la simple conservation de donn\u00e9es, cette initiative de l&#8217;association des Maires Franciliens invite les habitants de l&#8217;\u00cele-de-France \u00e0 revisiter et \u00e0 contribuer \u00e0 une m\u00e9moire collective qui transcende le temps. C&#8217;est un appel \u00e0 l&#8217;union pour pr\u00e9server les r\u00e9cits, les anecdotes et les moments qui tissent le tissu social des communaut\u00e9s locales.<\/p>\n<h2>Un Passeport pour le Pass\u00e9 Collectif<\/h2>\n<p>DMJ Archives n&#8217;est pas simplement une archive num\u00e9rique, c&#8217;est un passeport vers le pass\u00e9 collectif des Franciliens. En regroupant des informations disparues, cette plateforme devient le miroir virtuel de la m\u00e9moire locale, refl\u00e9tant les exp\u00e9riences et les souvenirs qui ont forg\u00e9 l&#8217;identit\u00e9 des communaut\u00e9s.<\/p>\n<h2>Les Souvenirs Partag\u00e9s : Un Tr\u00e9sor Inestimable<\/h2>\n<p>Chaque ville, chaque quartier, chaque rue a son histoire, tiss\u00e9e par les souvenirs partag\u00e9s de ses habitants. DMJ Archives se fait le gardien de ce tr\u00e9sor inestimable, offrant une plateforme o\u00f9 les r\u00e9sidents peuvent red\u00e9couvrir les \u00e9v\u00e9nements marquants qui ont forg\u00e9 leur communaut\u00e9 et partager leurs propres souvenirs pour les g\u00e9n\u00e9rations futures.<\/p>\n<h2>DMJ Archives : Un Pont Interg\u00e9n\u00e9rationnel<\/h2>\n<p>En pr\u00e9servant les m\u00e9moires collectives, DMJ Archives cr\u00e9e un pont intemporel entre les g\u00e9n\u00e9rations. Les jeunes peuvent explorer les r\u00e9cits de leurs a\u00een\u00e9s, d\u00e9couvrir comment leur quartier a \u00e9volu\u00e9, comprendre les luttes et les succ\u00e8s qui ont fa\u00e7onn\u00e9 le pr\u00e9sent. C&#8217;est un h\u00e9ritage vivant transmis de g\u00e9n\u00e9ration en g\u00e9n\u00e9ration.<\/p>\n<h2>Valoriser l&#8217;Identit\u00e9 Locale \u00e0 travers les R\u00e9cits<\/h2>\n<p>Les souvenirs partag\u00e9s constituent le ciment de l&#8217;identit\u00e9 locale. DMJ Archives donne vie \u00e0 ces r\u00e9cits, les transformant en une ressource pr\u00e9cieuse pour les mairies et les collectivit\u00e9s locales. Les \u00e9lus peuvent puiser dans cette m\u00e9moire collective pour renforcer les liens communautaires, planifier le d\u00e9veloppement urbain et c\u00e9l\u00e9brer l&#8217;unicit\u00e9 de chaque lieu.<\/p>\n<h2>Comment Contribuer \u00e0 la M\u00e9moire Collective<\/h2>\n<p>DMJ Archives encourage chacun \u00e0 contribuer \u00e0 cette m\u00e9moire collective. Partagez vos photos, r\u00e9cits, et anecdotes. Signalez les moments manquants, \u00e9voquez les d\u00e9tails qui ont marqu\u00e9 votre quartier. Ensemble, les habitants peuvent tisser une toile narrative riche, offrant une perspective compl\u00e8te de l&#8217;histoire locale.<\/p>\n<h2>Contactez DMJ Archives et Participez \u00e0 l&#8217;H\u00e9ritage Commun<\/h2>\n<p>Pour ceux qui souhaitent \u00eatre les architectes de cette m\u00e9moire collective, contactez DMJ Archives \u00e0 l&#8217;adresse suivante : P\u00f4le associatif CDCL \u2013 Maires Franciliens 3 Boulevard de S\u00e9bastopol 75001 PARIS Email : <a href=\"mailto:contact@dmjarchives.org\" target=\"_new\" rel=\"noopener\">contact@dmjarchives.org<\/a><\/p>\n<p>DMJ Archives, en pr\u00e9servant la m\u00e9moire collective, ouvre un espace o\u00f9 les souvenirs individuels convergent pour former un r\u00e9cit partag\u00e9. C&#8217;est une c\u00e9l\u00e9bration de l&#8217;histoire locale, une invitation \u00e0 plonger dans les souvenirs qui lient les habitants de l&#8217;\u00cele-de-France \u00e0 leur pass\u00e9 commun.<\/p>\n","protected":false},"excerpt":{"rendered":"<p>DMJ Archives : S&#8217;Unir pour Pr\u00e9server la M\u00e9moire Collective de l&#8217;\u00cele-de-France Au croisement du num\u00e9rique et de l&#8217;histoire locale, DMJ Archives \u00e9merge comme le gardien virtuel des souvenirs partag\u00e9s. Au-del\u00e0 de la simple conservation de donn\u00e9es, cette initiative de l&#8217;association &hellip; <\/p>\n","protected":false},"author":1,"featured_media":0,"comment_status":"closed","ping_status":"open","sticky":false,"template":"","format":"standard","meta":{"footnotes":""},"categories":[1],"tags":[],"class_list":["post-1124","post","type-post","status-publish","format-standard","hentry","category-uncategorized"],"yoast_head":"<!-- This site is optimized with the Yoast SEO plugin v27.5 - https:\/\/yoast.com\/product\/yoast-seo-wordpress\/ -->\n<title>S&#039;Unir pour Pr\u00e9server la M\u00e9moire Collective de l&#039;\u00cele-de-France - DMJ ARCHIVES<\/title>\n<meta name=\"robots\" content=\"noindex, follow, max-snippet:-1, max-image-preview:large, max-video-preview:-1\" \/>\n<meta property=\"og:locale\" content=\"fr_FR\" \/>\n<meta property=\"og:type\" content=\"article\" \/>\n<meta property=\"og:title\" content=\"S&#039;Unir pour Pr\u00e9server la M\u00e9moire Collective de l&#039;\u00cele-de-France - DMJ ARCHIVES\" \/>\n<meta property=\"og:description\" content=\"DMJ Archives : S&#8217;Unir pour Pr\u00e9server la M\u00e9moire Collective de l&#8217;\u00cele-de-France Au croisement du num\u00e9rique et de l&#8217;histoire locale, DMJ Archives \u00e9merge comme le gardien virtuel des souvenirs partag\u00e9s. Au-del\u00e0 de la simple conservation de donn\u00e9es, cette initiative de l&#8217;association &hellip;\" \/>\n<meta property=\"og:url\" content=\"https:\/\/www.dmjarchives.org\/commune\/noyau\/sunir-pour-preserver-la-memoire-collective-de-lile-de-france\/\" \/>\n<meta property=\"og:site_name\" content=\"DMJ ARCHIVES\" \/>\n<meta property=\"article:published_time\" content=\"2024-01-01T18:26:49+00:00\" \/>\n<meta name=\"author\" content=\"Jordane - Asso MF cdcl\" \/>\n<meta name=\"twitter:card\" content=\"summary_large_image\" \/>\n<meta name=\"twitter:label1\" content=\"\u00c9crit par\" \/>\n\t<meta name=\"twitter:data1\" content=\"Jordane - Asso MF cdcl\" \/>\n\t<meta name=\"twitter:label2\" content=\"Dur\u00e9e de lecture estim\u00e9e\" \/>\n\t<meta name=\"twitter:data2\" content=\"2 minutes\" \/>\n<script type=\"application\/ld+json\" class=\"yoast-schema-graph\">{\"@context\":\"https:\\\/\\\/schema.org\",\"@graph\":[{\"@type\":\"Article\",\"@id\":\"https:\\\/\\\/www.dmjarchives.org\\\/commune\\\/noyau\\\/sunir-pour-preserver-la-memoire-collective-de-lile-de-france\\\/#article\",\"isPartOf\":{\"@id\":\"https:\\\/\\\/www.dmjarchives.org\\\/commune\\\/noyau\\\/sunir-pour-preserver-la-memoire-collective-de-lile-de-france\\\/\"},\"author\":{\"name\":\"Jordane - Asso MF cdcl\",\"@id\":\"https:\\\/\\\/www.dmjarchives.org\\\/commune\\\/noyau\\\/#\\\/schema\\\/person\\\/b6161bce4f9b31f046e78f0cebbbd0a3\"},\"headline\":\"S&#8217;Unir pour Pr\u00e9server la M\u00e9moire Collective de l&#8217;\u00cele-de-France\",\"datePublished\":\"2024-01-01T18:26:49+00:00\",\"mainEntityOfPage\":{\"@id\":\"https:\\\/\\\/www.dmjarchives.org\\\/commune\\\/noyau\\\/sunir-pour-preserver-la-memoire-collective-de-lile-de-france\\\/\"},\"wordCount\":519,\"publisher\":{\"@id\":\"https:\\\/\\\/www.dmjarchives.org\\\/commune\\\/noyau\\\/#organization\"},\"articleSection\":[\"Sans cat\u00e9gories.\"],\"inLanguage\":\"fr-FR\"},{\"@type\":\"WebPage\",\"@id\":\"https:\\\/\\\/www.dmjarchives.org\\\/commune\\\/noyau\\\/sunir-pour-preserver-la-memoire-collective-de-lile-de-france\\\/\",\"url\":\"https:\\\/\\\/www.dmjarchives.org\\\/commune\\\/noyau\\\/sunir-pour-preserver-la-memoire-collective-de-lile-de-france\\\/\",\"name\":\"S'Unir pour Pr\u00e9server la M\u00e9moire Collective de l'\u00cele-de-France - DMJ ARCHIVES\",\"isPartOf\":{\"@id\":\"https:\\\/\\\/www.dmjarchives.org\\\/commune\\\/noyau\\\/#website\"},\"datePublished\":\"2024-01-01T18:26:49+00:00\",\"breadcrumb\":{\"@id\":\"https:\\\/\\\/www.dmjarchives.org\\\/commune\\\/noyau\\\/sunir-pour-preserver-la-memoire-collective-de-lile-de-france\\\/#breadcrumb\"},\"inLanguage\":\"fr-FR\",\"potentialAction\":[{\"@type\":\"ReadAction\",\"target\":[\"https:\\\/\\\/www.dmjarchives.org\\\/commune\\\/noyau\\\/sunir-pour-preserver-la-memoire-collective-de-lile-de-france\\\/\"]}]},{\"@type\":\"BreadcrumbList\",\"@id\":\"https:\\\/\\\/www.dmjarchives.org\\\/commune\\\/noyau\\\/sunir-pour-preserver-la-memoire-collective-de-lile-de-france\\\/#breadcrumb\",\"itemListElement\":[{\"@type\":\"ListItem\",\"position\":1,\"name\":\"Accueil\",\"item\":\"https:\\\/\\\/www.dmjarchives.org\\\/commune\\\/noyau\\\/au-fil-de-lhistoire-du-site\\\/\"},{\"@type\":\"ListItem\",\"position\":2,\"name\":\"S&#8217;Unir pour Pr\u00e9server la M\u00e9moire Collective de l&#8217;\u00cele-de-France\"}]},{\"@type\":\"WebSite\",\"@id\":\"https:\\\/\\\/www.dmjarchives.org\\\/commune\\\/noyau\\\/#website\",\"url\":\"https:\\\/\\\/www.dmjarchives.org\\\/commune\\\/noyau\\\/\",\"name\":\"DMJ ARCHIVES\",\"description\":\"Archives Internet\",\"publisher\":{\"@id\":\"https:\\\/\\\/www.dmjarchives.org\\\/commune\\\/noyau\\\/#organization\"},\"potentialAction\":[{\"@type\":\"SearchAction\",\"target\":{\"@type\":\"EntryPoint\",\"urlTemplate\":\"https:\\\/\\\/www.dmjarchives.org\\\/commune\\\/noyau\\\/?s={search_term_string}\"},\"query-input\":{\"@type\":\"PropertyValueSpecification\",\"valueRequired\":true,\"valueName\":\"search_term_string\"}}],\"inLanguage\":\"fr-FR\"},{\"@type\":\"Organization\",\"@id\":\"https:\\\/\\\/www.dmjarchives.org\\\/commune\\\/noyau\\\/#organization\",\"name\":\"dmjarchives\",\"url\":\"https:\\\/\\\/www.dmjarchives.org\\\/commune\\\/noyau\\\/\",\"logo\":{\"@type\":\"ImageObject\",\"inLanguage\":\"fr-FR\",\"@id\":\"https:\\\/\\\/www.dmjarchives.org\\\/commune\\\/noyau\\\/#\\\/schema\\\/logo\\\/image\\\/\",\"url\":\"https:\\\/\\\/www.dmjarchives.org\\\/commune\\\/noyau\\\/wp-content\\\/uploads\\\/2023\\\/10\\\/logo-2.png\",\"contentUrl\":\"https:\\\/\\\/www.dmjarchives.org\\\/commune\\\/noyau\\\/wp-content\\\/uploads\\\/2023\\\/10\\\/logo-2.png\",\"width\":390,\"height\":486,\"caption\":\"dmjarchives\"},\"image\":{\"@id\":\"https:\\\/\\\/www.dmjarchives.org\\\/commune\\\/noyau\\\/#\\\/schema\\\/logo\\\/image\\\/\"}},{\"@type\":\"Person\",\"@id\":\"https:\\\/\\\/www.dmjarchives.org\\\/commune\\\/noyau\\\/#\\\/schema\\\/person\\\/b6161bce4f9b31f046e78f0cebbbd0a3\",\"name\":\"Jordane - Asso MF cdcl\",\"image\":{\"@type\":\"ImageObject\",\"inLanguage\":\"fr-FR\",\"@id\":\"https:\\\/\\\/secure.gravatar.com\\\/avatar\\\/d6e6f99632e750bb798ca403d8a34df8835c1d45ea8ab6c0db466b4d9e1c3812?s=96&d=mm&r=g\",\"url\":\"https:\\\/\\\/secure.gravatar.com\\\/avatar\\\/d6e6f99632e750bb798ca403d8a34df8835c1d45ea8ab6c0db466b4d9e1c3812?s=96&d=mm&r=g\",\"contentUrl\":\"https:\\\/\\\/secure.gravatar.com\\\/avatar\\\/d6e6f99632e750bb798ca403d8a34df8835c1d45ea8ab6c0db466b4d9e1c3812?s=96&d=mm&r=g\",\"caption\":\"Jordane - Asso MF cdcl\"},\"sameAs\":[\"https:\\\/\\\/www.dmjarchives.org\\\/commune\\\/noyau\"],\"url\":\"https:\\\/\\\/www.dmjarchives.org\\\/commune\\\/noyau\\\/author\\\/vesadmin\\\/\"}]}<\/script>\n<!-- \/ Yoast SEO plugin. -->","yoast_head_json":{"title":"S'Unir pour Pr\u00e9server la M\u00e9moire Collective de l'\u00cele-de-France - DMJ ARCHIVES","robots":{"index":"noindex","follow":"follow","max-snippet":"max-snippet:-1","max-image-preview":"max-image-preview:large","max-video-preview":"max-video-preview:-1"},"og_locale":"fr_FR","og_type":"article","og_title":"S'Unir pour Pr\u00e9server la M\u00e9moire Collective de l'\u00cele-de-France - DMJ ARCHIVES","og_description":"DMJ Archives : S&#8217;Unir pour Pr\u00e9server la M\u00e9moire Collective de l&#8217;\u00cele-de-France Au croisement du num\u00e9rique et de l&#8217;histoire locale, DMJ Archives \u00e9merge comme le gardien virtuel des souvenirs partag\u00e9s. Au-del\u00e0 de la simple conservation de donn\u00e9es, cette initiative de l&#8217;association &hellip;","og_url":"https:\/\/www.dmjarchives.org\/commune\/noyau\/sunir-pour-preserver-la-memoire-collective-de-lile-de-france\/","og_site_name":"DMJ ARCHIVES","article_published_time":"2024-01-01T18:26:49+00:00","author":"Jordane - Asso MF cdcl","twitter_card":"summary_large_image","twitter_misc":{"\u00c9crit par":"Jordane - Asso MF cdcl","Dur\u00e9e de lecture estim\u00e9e":"2 minutes"},"schema":{"@context":"https:\/\/schema.org","@graph":[{"@type":"Article","@id":"https:\/\/www.dmjarchives.org\/commune\/noyau\/sunir-pour-preserver-la-memoire-collective-de-lile-de-france\/#article","isPartOf":{"@id":"https:\/\/www.dmjarchives.org\/commune\/noyau\/sunir-pour-preserver-la-memoire-collective-de-lile-de-france\/"},"author":{"name":"Jordane - Asso MF cdcl","@id":"https:\/\/www.dmjarchives.org\/commune\/noyau\/#\/schema\/person\/b6161bce4f9b31f046e78f0cebbbd0a3"},"headline":"S&#8217;Unir pour Pr\u00e9server la M\u00e9moire Collective de l&#8217;\u00cele-de-France","datePublished":"2024-01-01T18:26:49+00:00","mainEntityOfPage":{"@id":"https:\/\/www.dmjarchives.org\/commune\/noyau\/sunir-pour-preserver-la-memoire-collective-de-lile-de-france\/"},"wordCount":519,"publisher":{"@id":"https:\/\/www.dmjarchives.org\/commune\/noyau\/#organization"},"articleSection":["Sans cat\u00e9gories."],"inLanguage":"fr-FR"},{"@type":"WebPage","@id":"https:\/\/www.dmjarchives.org\/commune\/noyau\/sunir-pour-preserver-la-memoire-collective-de-lile-de-france\/","url":"https:\/\/www.dmjarchives.org\/commune\/noyau\/sunir-pour-preserver-la-memoire-collective-de-lile-de-france\/","name":"S'Unir pour Pr\u00e9server la M\u00e9moire Collective de l'\u00cele-de-France - DMJ ARCHIVES","isPartOf":{"@id":"https:\/\/www.dmjarchives.org\/commune\/noyau\/#website"},"datePublished":"2024-01-01T18:26:49+00:00","breadcrumb":{"@id":"https:\/\/www.dmjarchives.org\/commune\/noyau\/sunir-pour-preserver-la-memoire-collective-de-lile-de-france\/#breadcrumb"},"inLanguage":"fr-FR","potentialAction":[{"@type":"ReadAction","target":["https:\/\/www.dmjarchives.org\/commune\/noyau\/sunir-pour-preserver-la-memoire-collective-de-lile-de-france\/"]}]},{"@type":"BreadcrumbList","@id":"https:\/\/www.dmjarchives.org\/commune\/noyau\/sunir-pour-preserver-la-memoire-collective-de-lile-de-france\/#breadcrumb","itemListElement":[{"@type":"ListItem","position":1,"name":"Accueil","item":"https:\/\/www.dmjarchives.org\/commune\/noyau\/au-fil-de-lhistoire-du-site\/"},{"@type":"ListItem","position":2,"name":"S&#8217;Unir pour Pr\u00e9server la M\u00e9moire Collective de l&#8217;\u00cele-de-France"}]},{"@type":"WebSite","@id":"https:\/\/www.dmjarchives.org\/commune\/noyau\/#website","url":"https:\/\/www.dmjarchives.org\/commune\/noyau\/","name":"DMJ ARCHIVES","description":"Archives Internet","publisher":{"@id":"https:\/\/www.dmjarchives.org\/commune\/noyau\/#organization"},"potentialAction":[{"@type":"SearchAction","target":{"@type":"EntryPoint","urlTemplate":"https:\/\/www.dmjarchives.org\/commune\/noyau\/?s={search_term_string}"},"query-input":{"@type":"PropertyValueSpecification","valueRequired":true,"valueName":"search_term_string"}}],"inLanguage":"fr-FR"},{"@type":"Organization","@id":"https:\/\/www.dmjarchives.org\/commune\/noyau\/#organization","name":"dmjarchives","url":"https:\/\/www.dmjarchives.org\/commune\/noyau\/","logo":{"@type":"ImageObject","inLanguage":"fr-FR","@id":"https:\/\/www.dmjarchives.org\/commune\/noyau\/#\/schema\/logo\/image\/","url":"https:\/\/www.dmjarchives.org\/commune\/noyau\/wp-content\/uploads\/2023\/10\/logo-2.png","contentUrl":"https:\/\/www.dmjarchives.org\/commune\/noyau\/wp-content\/uploads\/2023\/10\/logo-2.png","width":390,"height":486,"caption":"dmjarchives"},"image":{"@id":"https:\/\/www.dmjarchives.org\/commune\/noyau\/#\/schema\/logo\/image\/"}},{"@type":"Person","@id":"https:\/\/www.dmjarchives.org\/commune\/noyau\/#\/schema\/person\/b6161bce4f9b31f046e78f0cebbbd0a3","name":"Jordane - Asso MF cdcl","image":{"@type":"ImageObject","inLanguage":"fr-FR","@id":"https:\/\/secure.gravatar.com\/avatar\/d6e6f99632e750bb798ca403d8a34df8835c1d45ea8ab6c0db466b4d9e1c3812?s=96&d=mm&r=g","url":"https:\/\/secure.gravatar.com\/avatar\/d6e6f99632e750bb798ca403d8a34df8835c1d45ea8ab6c0db466b4d9e1c3812?s=96&d=mm&r=g","contentUrl":"https:\/\/secure.gravatar.com\/avatar\/d6e6f99632e750bb798ca403d8a34df8835c1d45ea8ab6c0db466b4d9e1c3812?s=96&d=mm&r=g","caption":"Jordane - Asso MF cdcl"},"sameAs":["https:\/\/www.dmjarchives.org\/commune\/noyau"],"url":"https:\/\/www.dmjarchives.org\/commune\/noyau\/author\/vesadmin\/"}]}},"_links":{"self":[{"href":"https:\/\/www.dmjarchives.org\/commune\/noyau\/wp-json\/wp\/v2\/posts\/1124","targetHints":{"allow":["GET"]}}],"collection":[{"href":"https:\/\/www.dmjarchives.org\/commune\/noyau\/wp-json\/wp\/v2\/posts"}],"about":[{"href":"https:\/\/www.dmjarchives.org\/commune\/noyau\/wp-json\/wp\/v2\/types\/post"}],"author":[{"embeddable":true,"href":"https:\/\/www.dmjarchives.org\/commune\/noyau\/wp-json\/wp\/v2\/users\/1"}],"replies":[{"embeddable":true,"href":"https:\/\/www.dmjarchives.org\/commune\/noyau\/wp-json\/wp\/v2\/comments?post=1124"}],"version-history":[{"count":1,"href":"https:\/\/www.dmjarchives.org\/commune\/noyau\/wp-json\/wp\/v2\/posts\/1124\/revisions"}],"predecessor-version":[{"id":1126,"href":"https:\/\/www.dmjarchives.org\/commune\/noyau\/wp-json\/wp\/v2\/posts\/1124\/revisions\/1126"}],"wp:attachment":[{"href":"https:\/\/www.dmjarchives.org\/commune\/noyau\/wp-json\/wp\/v2\/media?parent=1124"}],"wp:term":[{"taxonomy":"category","embeddable":true,"href":"https:\/\/www.dmjarchives.org\/commune\/noyau\/wp-json\/wp\/v2\/categories?post=1124"},{"taxonomy":"post_tag","embeddable":true,"href":"https:\/\/www.dmjarchives.org\/commune\/noyau\/wp-json\/wp\/v2\/tags?post=1124"}],"curies":[{"name":"wp","href":"https:\/\/api.w.org\/{rel}","templated":true}]}}